{"id":951,"date":"2023-01-16T12:18:56","date_gmt":"2023-01-16T12:18:56","guid":{"rendered":"http:\/\/alpisbl.org\/?p=951"},"modified":"2023-01-16T12:18:56","modified_gmt":"2023-01-16T12:18:56","slug":"kompanija-meridian-vrijedna-donacija-domu-omladine","status":"publish","type":"post","link":"https:\/\/alpisbl.org\/?p=951","title":{"rendered":"KOMPANIJA MERIDIAN: Vrijedna donacija Domu omladine"},"content":{"rendered":"\n<p>Zahvaljuju\u0107i kompaniji Meridian, Dom omladine u Banjoj Luci bogatiji je za multimedijalnu opremu, koja \u0107e dodatno obogatiti sadr\u017eaje u tom prostoru.<\/p>\n\n\n\n<figure class=\"wp-block-image size-large\"><img loading=\"lazy\" width=\"950\" height=\"610\" src=\"http:\/\/alpisbl.org\/wp-content\/uploads\/2023\/01\/dom-omladine-meridian.jpg\" alt=\"\" class=\"wp-image-952\" srcset=\"https:\/\/alpisbl.org\/wp-content\/uploads\/2023\/01\/dom-omladine-meridian.jpg 950w, https:\/\/alpisbl.org\/wp-content\/uploads\/2023\/01\/dom-omladine-meridian-300x193.jpg 300w, https:\/\/alpisbl.org\/wp-content\/uploads\/2023\/01\/dom-omladine-meridian-768x493.jpg 768w\" sizes=\"(max-width: 950px) 100vw, 950px\" \/><\/figure>\n\n\n\n<p>Primopredaji su prisustvovali predstavnici kompanije, Gradske uprave i Saveza&nbsp;studenata Pravnog fakluteta.&nbsp;Milada \u0160ukalo, savjetnica gradona\u010delnika za dru\u0161tvene djelatnosti, zahvalila je&nbsp;Meridianu na donaciji, istakav\u0161i da je rije\u010d o dru\u0161tveno-odgovornoj kompaniji, koja je&nbsp;mnogo puta do sada pokazala da ima sluha za potrebe i \u017eelje mladih.<\/p>\n\n\n\n<p>&#8220;Nastavljamo sa unapre\u0111enjem rada Doma omladine i aktivno radimo na\u00a0unapre\u0111enju uslova za sprovo\u0111enje aktivnosti i projekata mladih. Na\u0161 cilj je da\u00a0mladima u na\u0161em gradu ponudimo \u0161to vi\u0161e sadr\u017eaja, kako bi \u0161to kvalitetnije\u00a0provodili svoje vrijeme, tako da ova vrijedna donacija zaista sti\u017ee u pravi \u010das&#8221;, navela je \u0160ukalova.<\/p>\n\n\n\n<figure class=\"wp-block-image size-large\"><img loading=\"lazy\" width=\"950\" height=\"633\" src=\"http:\/\/alpisbl.org\/wp-content\/uploads\/2023\/01\/dom-omladine-meridian2.jpeg\" alt=\"\" class=\"wp-image-953\" srcset=\"https:\/\/alpisbl.org\/wp-content\/uploads\/2023\/01\/dom-omladine-meridian2.jpeg 950w, https:\/\/alpisbl.org\/wp-content\/uploads\/2023\/01\/dom-omladine-meridian2-300x200.jpeg 300w, https:\/\/alpisbl.org\/wp-content\/uploads\/2023\/01\/dom-omladine-meridian2-768x512.jpeg 768w\" sizes=\"(max-width: 950px) 100vw, 950px\" \/><\/figure>\n\n\n\n<p>Sa njom je saglasan i Nikola Milisavljevi\u0107, operativni direktor u <a href=\"https:\/\/meridianbet.ba\/sr\/kladjenje?a=1771&amp;c=3747\">Meridianu<\/a>, koji&nbsp;vjeruje da \u0107e se oprema, zahvaljuju\u0107i kojoj je Dom bogatiji za e-sport kutak, sigurno&nbsp;biti razlog jo\u0161 ve\u0107e posje\u0107enosti mladih.<\/p>\n\n\n\n<p>&#8220;Ova donacija predstavlja nastavak sjajne saradnje Gradske uprave i na\u0161e\u00a0kompanije. Podsjetio bih da smo prije godinu dana na istom mjestu uru\u010dili\u00a0tablete za Udru\u017eenje roditelja sa \u010detvoro i vi\u0161e djece 4+, te najavili niz akcija,\u00a0koje smo i realizovali&#8221;, rekao je Milisavljevi\u0107.<\/p>\n\n\n\n<figure class=\"wp-block-image size-large\"><img loading=\"lazy\" width=\"950\" height=\"609\" src=\"http:\/\/alpisbl.org\/wp-content\/uploads\/2023\/01\/2.jpg\" alt=\"\" class=\"wp-image-954\" srcset=\"https:\/\/alpisbl.org\/wp-content\/uploads\/2023\/01\/2.jpg 950w, https:\/\/alpisbl.org\/wp-content\/uploads\/2023\/01\/2-300x192.jpg 300w, https:\/\/alpisbl.org\/wp-content\/uploads\/2023\/01\/2-768x492.jpg 768w\" sizes=\"(max-width: 950px) 100vw, 950px\" \/><\/figure>\n\n\n\n<p>Multimedijalna oprema donirana je za potrebe projekta \u201eDom omladine u susret e-&nbsp;sportu\u201c, koji sprovode studenti Pravnog fakulteta.&nbsp;Rastko Vu\u010di\u0107, predsjednik SSPF, zahvalio je Gradskoj upravi i <a href=\"https:\/\/meridianbet.ba\/sr\/kladjenje?a=1771&amp;c=3747\">kompaniji Meridian<\/a>&nbsp;na podr\u0161ci u sprovo\u0111enju projekta, koji \u0107e biti odr\u017eavan jednom mjese\u010dno u Domu&nbsp;omladine.<\/p>\n\n\n\n<p>&#8220;Izuzetno nam je drago \u0161to smo kroz ovaj projekat dobili ovako vrijednu\u00a0opremu: televizore, konzole i lejzibegove, koji \u0107e, po zavr\u0161etku projekta, mo\u0107i\u00a0besplatno koristiti svi mladi\u00a0koji posjete ovaj prostor&#8221;, rekao je Vu\u010di\u0107.<\/p>\n\n\n\n<figure class=\"wp-block-image size-large\"><img loading=\"lazy\" width=\"950\" height=\"608\" src=\"http:\/\/alpisbl.org\/wp-content\/uploads\/2023\/01\/dom-omladine-meridian-.jpg\" alt=\"\" class=\"wp-image-955\" srcset=\"https:\/\/alpisbl.org\/wp-content\/uploads\/2023\/01\/dom-omladine-meridian-.jpg 950w, https:\/\/alpisbl.org\/wp-content\/uploads\/2023\/01\/dom-omladine-meridian--300x192.jpg 300w, https:\/\/alpisbl.org\/wp-content\/uploads\/2023\/01\/dom-omladine-meridian--768x492.jpg 768w\" sizes=\"(max-width: 950px) 100vw, 950px\" \/><\/figure>\n\n\n\n<p>Mondo, januar 2023.<\/p>\n","protected":false},"excerpt":{"rendered":"<p>Zahvaljuju\u0107i kompaniji Meridian, Dom omladine u Banjoj Luci bogatiji je za multimedijalnu opremu, koja \u0107e dodatno obogatiti sadr\u017eaje u tom prostoru. Primopredaji su prisustvovali predstavnici kompanije, Gradske uprave i Saveza&nbsp;studenata Pravnog fakluteta.&nbsp;Milada \u0160ukalo, savjetnica gradona\u010delnika za dru\u0161tvene djelatnosti, zahvalila je&nbsp;Meridianu na donaciji, istakav\u0161i da je rije\u010d o dru\u0161tveno-odgovornoj kompaniji, koja je&nbsp;mnogo puta do sada pokazala [&hellip;]<\/p>\n","protected":false},"author":2,"featured_media":952,"comment_status":"open","ping_status":"open","sticky":false,"template":"","format":"standard","meta":[],"categories":[1],"tags":[105,188,21,20],"_links":{"self":[{"href":"https:\/\/alpisbl.org\/index.php?rest_route=\/wp\/v2\/posts\/951"}],"collection":[{"href":"https:\/\/alpisbl.org\/index.php?rest_route=\/wp\/v2\/posts"}],"about":[{"href":"https:\/\/alpisbl.org\/index.php?rest_route=\/wp\/v2\/types\/post"}],"author":[{"embeddable":true,"href":"https:\/\/alpisbl.org\/index.php?rest_route=\/wp\/v2\/users\/2"}],"replies":[{"embeddable":true,"href":"https:\/\/alpisbl.org\/index.php?rest_route=%2Fwp%2Fv2%2Fcomments&post=951"}],"version-history":[{"count":1,"href":"https:\/\/alpisbl.org\/index.php?rest_route=\/wp\/v2\/posts\/951\/revisions"}],"predecessor-version":[{"id":956,"href":"https:\/\/alpisbl.org\/index.php?rest_route=\/wp\/v2\/posts\/951\/revisions\/956"}],"wp:featuredmedia":[{"embeddable":true,"href":"https:\/\/alpisbl.org\/index.php?rest_route=\/wp\/v2\/media\/952"}],"wp:attachment":[{"href":"https:\/\/alpisbl.org\/index.php?rest_route=%2Fwp%2Fv2%2Fmedia&parent=951"}],"wp:term":[{"taxonomy":"category","embeddable":true,"href":"https:\/\/alpisbl.org\/index.php?rest_route=%2Fwp%2Fv2%2Fcategories&post=951"},{"taxonomy":"post_tag","embeddable":true,"href":"https:\/\/alpisbl.org\/index.php?rest_route=%2Fwp%2Fv2%2Ftags&post=951"}],"curies":[{"name":"wp","href":"https:\/\/api.w.org\/{rel}","templated":true}]}}